{"id":10762,"date":"2025-07-10T12:53:42","date_gmt":"2025-07-10T09:53:42","guid":{"rendered":"https:\/\/koski.fi\/visit\/?p=10762"},"modified":"2025-07-10T12:53:42","modified_gmt":"2025-07-10T09:53:42","slug":"linnakorven-retriitti-luontoelamyksia-ja-hiljentymista-koskella","status":"publish","type":"post","link":"https:\/\/koski.fi\/visit\/linnakorven-retriitti-luontoelamyksia-ja-hiljentymista-koskella\/","title":{"rendered":"Linnakorven retriitti \u2013 Luontoel\u00e4myksi\u00e4 ja hiljentymist\u00e4 Koskella"},"content":{"rendered":"<div class=\"fusion-fullwidth fullwidth-box fusion-builder-row-1 fusion-flex-container has-pattern-background has-mask-background nonhundred-percent-fullwidth non-hundred-percent-height-scrolling\" style=\"--awb-border-radius-top-left:0px;--awb-border-radius-top-right:0px;--awb-border-radius-bottom-right:0px;--awb-border-radius-bottom-left:0px;--awb-flex-wrap:wrap;\" ><div class=\"fusion-builder-row fusion-row fusion-flex-align-items-flex-start fusion-flex-content-wrap\" style=\"max-width:calc( 1200px + 80px );margin-left: calc(-80px \/ 2 );margin-right: calc(-80px \/ 2 );\"><div class=\"fusion-layout-column fusion_builder_column fusion-builder-column-0 fusion_builder_column_1_1 1_1 fusion-flex-column\" style=\"--awb-bg-size:cover;--awb-width-large:100%;--awb-margin-top-large:0px;--awb-spacing-right-large:40px;--awb-margin-bottom-large:20px;--awb-spacing-left-large:40px;--awb-width-medium:100%;--awb-order-medium:0;--awb-spacing-right-medium:40px;--awb-spacing-left-medium:40px;--awb-width-small:100%;--awb-order-small:0;--awb-spacing-right-small:40px;--awb-spacing-left-small:40px;\"><div class=\"fusion-column-wrapper fusion-column-has-shadow fusion-flex-justify-content-flex-start fusion-content-layout-column\"><div class=\"fusion-text fusion-text-1\"><p>Noin vuosi sitten luonto-ohjaajaksi valmistunut rovasti Outi Niiniaho\u00a0perusti Koskelle oman yrityksens\u00e4, Linnakorven Retriitti tmi. Yritys sai alkunsa rakkaudesta luontoon, rauhaan ja ihmisten ohjaamiseen merkityksellisten kokemusten \u00e4\u00e4relle.<\/p>\n<p>Linnakorven retriitti tarjoaa muun muassa:<br \/>\n<em><i>Kotitilalla tuotettua hunajaa Koskelta,<\/i><\/em>\u00a0l<em><i>uksustelttojen vuokrausta Hevonlinnan harjumaisemissa ja Liipolanj\u00e4rvell\u00e4. Tarjolla on my\u00f6s opaspalveluja ja ohjattuja retki\u00e4, jotka auttavat pys\u00e4htym\u00e4\u00e4n arjen kiireiden keskell\u00e4.<\/i><\/em><\/p>\n<p>Outi ei kuitenkaan tyydy pelkk\u00e4\u00e4n yritt\u00e4jyyteen. H\u00e4n toimii aktiivisesti my\u00f6s Askelten Ev\u00e4\u00e4t yhdistyksess\u00e4, jonka tarkoituksena on kehitt\u00e4\u00e4 Koskenkin kautta kulkevaa Euroopan laajuista Santiago de Compostelan pyhiinvaellusreitti\u00e4. H\u00e4meen H\u00e4rk\u00e4tie on pyhiinvaellusreitist\u00f6n pohjoisinta osaa. Yhdistyksen toiminta tuo Koskelle uudenlaista kulttuurista ja henkist\u00e4 ulottuvuutta.<\/p>\n<p>Tule mukaan kokemaan pyhiinvaellus Suomen luonnon p\u00e4iv\u00e4n\u00e4 elokuun viimeisen\u00e4 lauantaina!<br \/>\nMatka alkaa Kosken kappelilta. Vaellamme Santtion taistelun muistomerkille ja sielt\u00e4 takaisin. Kyseess\u00e4 ei ole vain k\u00e4velyretki, vaan pys\u00e4htymisen ja l\u00e4sn\u00e4olon hetki luonnon helmassa \u2013 mahdollisuus kuulla my\u00f6s omaa sisint\u00e4\u00e4n.<\/p>\n<\/div><div class=\"fusion-title title fusion-title-1 fusion-sep-none fusion-title-text fusion-title-size-six\" style=\"--awb-margin-top-small:10px;--awb-margin-right-small:0px;--awb-margin-bottom-small:10px;--awb-margin-left-small:0px;--awb-font-size:14px;\"><h6 class=\"fusion-title-heading title-heading-left\" style=\"margin:0;letter-spacing:1.3px;text-transform:uppercase;font-size:1em;\">Niina Sj\u00f6holm<\/h6><\/div><\/div><\/div><\/div><\/div>\n","protected":false},"excerpt":{"rendered":"","protected":false},"author":56,"featured_media":9781,"comment_status":"closed","ping_status":"closed","sticky":false,"template":"","format":"standard","meta":{"_jetpack_memberships_contains_paid_content":false,"footnotes":""},"categories":[1],"tags":[],"class_list":["post-10762","post","type-post","status-publish","format-standard","has-post-thumbnail","hentry","category-yleinen"],"jetpack_featured_media_url":"https:\/\/koski.fi\/visit\/wp-content\/uploads\/sites\/7\/2025\/03\/Luksus-teltta-ulko.jpg","jetpack_sharing_enabled":true,"_links":{"self":[{"href":"https:\/\/koski.fi\/visit\/wp-json\/wp\/v2\/posts\/10762","targetHints":{"allow":["GET"]}}],"collection":[{"href":"https:\/\/koski.fi\/visit\/wp-json\/wp\/v2\/posts"}],"about":[{"href":"https:\/\/koski.fi\/visit\/wp-json\/wp\/v2\/types\/post"}],"author":[{"embeddable":true,"href":"https:\/\/koski.fi\/visit\/wp-json\/wp\/v2\/users\/56"}],"replies":[{"embeddable":true,"href":"https:\/\/koski.fi\/visit\/wp-json\/wp\/v2\/comments?post=10762"}],"version-history":[{"count":2,"href":"https:\/\/koski.fi\/visit\/wp-json\/wp\/v2\/posts\/10762\/revisions"}],"predecessor-version":[{"id":10765,"href":"https:\/\/koski.fi\/visit\/wp-json\/wp\/v2\/posts\/10762\/revisions\/10765"}],"wp:featuredmedia":[{"embeddable":true,"href":"https:\/\/koski.fi\/visit\/wp-json\/wp\/v2\/media\/9781"}],"wp:attachment":[{"href":"https:\/\/koski.fi\/visit\/wp-json\/wp\/v2\/media?parent=10762"}],"wp:term":[{"taxonomy":"category","embeddable":true,"href":"https:\/\/koski.fi\/visit\/wp-json\/wp\/v2\/categories?post=10762"},{"taxonomy":"post_tag","embeddable":true,"href":"https:\/\/koski.fi\/visit\/wp-json\/wp\/v2\/tags?post=10762"}],"curies":[{"name":"wp","href":"https:\/\/api.w.org\/{rel}","templated":true}]}}