{"id":10609,"date":"2025-06-10T08:57:03","date_gmt":"2025-06-10T05:57:03","guid":{"rendered":"https:\/\/koski.fi\/visit\/?p=10609"},"modified":"2025-06-10T09:54:54","modified_gmt":"2025-06-10T06:54:54","slug":"taidevintti-matalan-kynnyksen-yhteisollista-taidetoimintaa","status":"publish","type":"post","link":"https:\/\/koski.fi\/visit\/taidevintti-matalan-kynnyksen-yhteisollista-taidetoimintaa\/","title":{"rendered":"Taidevintti &#8211; matalan kynnyksen yhteis\u00f6llist\u00e4 taidetoimintaa"},"content":{"rendered":"<div class=\"fusion-fullwidth fullwidth-box fusion-builder-row-1 fusion-flex-container has-pattern-background has-mask-background nonhundred-percent-fullwidth non-hundred-percent-height-scrolling\" style=\"--awb-border-radius-top-left:0px;--awb-border-radius-top-right:0px;--awb-border-radius-bottom-right:0px;--awb-border-radius-bottom-left:0px;--awb-flex-wrap:wrap;\" ><div class=\"fusion-builder-row fusion-row fusion-flex-align-items-flex-start fusion-flex-content-wrap\" style=\"max-width:calc( 1200px + 80px );margin-left: calc(-80px \/ 2 );margin-right: calc(-80px \/ 2 );\"><div class=\"fusion-layout-column fusion_builder_column fusion-builder-column-0 fusion_builder_column_1_2 1_2 fusion-flex-column\" style=\"--awb-bg-size:cover;--awb-width-large:50%;--awb-margin-top-large:0px;--awb-spacing-right-large:40px;--awb-margin-bottom-large:20px;--awb-spacing-left-large:40px;--awb-width-medium:50%;--awb-order-medium:0;--awb-spacing-right-medium:40px;--awb-spacing-left-medium:40px;--awb-width-small:100%;--awb-order-small:0;--awb-spacing-right-small:40px;--awb-spacing-left-small:40px;\"><div class=\"fusion-column-wrapper fusion-column-has-shadow fusion-flex-justify-content-flex-start fusion-content-layout-column\"><div class=\"fusion-text fusion-text-1\"><p>Kosken kulttuuritoimen j\u00e4rjest\u00e4m\u00e4\u00e4 taidetoimintaa on j\u00e4rjestetty Kulttuuritila Vanhalla Meijerill\u00e4 tammikuun alusta l\u00e4htien. Taidetoiminta on koonnut yhteen kolmisenkymment\u00e4 k\u00e4vij\u00e4\u00e4 niin Koskelta kuin naapurikunnistakin. Tiistaisin klo 15 &#8211; 17 kokoontuvat alakoululaiset, tiistaisin ja torstaisin klo 18 &#8211; 20 aikuiset ja nuoret. Taidevintill\u00e4 maalataan p\u00e4\u00e4asiassa akvarellit\u00f6it\u00e4, mutta my\u00f6s akryylimaalit, hiilet, tussit ja p\u00f6lypastellit ovat olleet kovassa k\u00e4yt\u00f6ss\u00e4.<\/p>\n<p>Taidevintin kev\u00e4t huipentui Koskitus-p\u00e4iv\u00e4n\u00e4 17.5. j\u00e4rjestettyyn taiden\u00e4yttelyyn, joka ker\u00e4si l\u00e4hes 200 k\u00e4vij\u00e4\u00e4. Seuraavaksi aikuisten ryhm\u00e4n t\u00f6it\u00e4 p\u00e4\u00e4see ihailemaan forssalaisessa kahvila Pullantaissa 5.7. alkaen.<\/p>\n<p>Taidevintin ohjaajana ja syd\u00e4men\u00e4 toimii itseoppinut ja monilla taidekursseilla oppia kartuttanut taiteilija ja harrasteohjaaja Hanna Jolkki, joka on pitk\u00e4lti vastannut my\u00f6s Taidevintin sisustuksesta ja kalustuksesta. Taidevintill\u00e4 vallitseekin kotoisa tunnelma keinutuoleineen ja kukka-asetelmineen. Maalausten inspiraationa toimivat kukat Hanna hankkii oman puutarhan lis\u00e4ksi koskelaisesta Kukkakauppa Elina Lemmikist\u00e4.<\/p>\n<\/div><div class=\"fusion-text fusion-text-2\"><p>Hannalle lasten ja nuorten hyvinvointi on syd\u00e4men asia. Jokainen taidetuokio alkaa v\u00e4lipalalla, sill\u00e4 t\u00e4ydell\u00e4 vatsalla on mukavampi maalata kuin tyhj\u00e4ll\u00e4. Maalaamisen ohella Hanna haluaa luoda ymp\u00e4rist\u00f6n, jossa jokainen lapsi tuntee itsens\u00e4 t\u00e4rke\u00e4ksi ja saa ansaitsemaansa arvostusta ja kannustusta. Hanna noudattaakin kolmen K:n s\u00e4\u00e4nt\u00f6\u00e4: Taidevintill\u00e4 tulee olla kivaa, kavereita ei saa kiusata ja kaikkia &#8211; my\u00f6s itse\u00e4 &#8211; tulee kunnioittaa. Hanna haluaa, ett\u00e4 jokainen voi olla ylpe\u00e4 omasta tekemisest\u00e4\u00e4n ja voi kokea onnistumisen iloa ilman vertailua toisiin.<\/p>\n<p>Lapsille ja nuorille on my\u00f6s kes\u00e4n aikana taidetoimintaa, sill\u00e4 Kosken kulttuuritoimi j\u00e4rjest\u00e4\u00e4 24. &#8211; 25.6. lasten ja nuorten taideleirin. Myllyrannassa tai sateen sattuessa Taidevintill\u00e4 j\u00e4rjestett\u00e4v\u00e4ll\u00e4 kahden p\u00e4iv\u00e4n leirill\u00e4 on mahdollisuus kokeilla akvarelliv\u00e4rien lis\u00e4ksi my\u00f6s akryyliv\u00e4rej\u00e4. Leirimaksuun kuuluu ohjauksen ja materiaalien lis\u00e4ksi my\u00f6s lounas ja v\u00e4lipala.<\/p>\n<\/div><div class=\"fusion-image-element \" style=\"--awb-margin-top:10px;--awb-caption-title-font-family:var(--h2_typography-font-family);--awb-caption-title-font-weight:var(--h2_typography-font-weight);--awb-caption-title-font-style:var(--h2_typography-font-style);--awb-caption-title-size:var(--h2_typography-font-size);--awb-caption-title-transform:var(--h2_typography-text-transform);--awb-caption-title-line-height:var(--h2_typography-line-height);--awb-caption-title-letter-spacing:var(--h2_typography-letter-spacing);\"><span class=\" fusion-imageframe imageframe-none imageframe-1 hover-type-none\"><img decoding=\"async\" width=\"831\" height=\"1012\" title=\"Taidevintti2\" src=\"https:\/\/koski.fi\/visit\/wp-content\/uploads\/sites\/7\/2025\/06\/Taidevintti2.jpg\" data-orig-src=\"https:\/\/koski.fi\/visit\/wp-content\/uploads\/sites\/7\/2025\/06\/Taidevintti2.jpg\" alt class=\"lazyload img-responsive wp-image-10612\" srcset=\"data:image\/svg+xml,%3Csvg%20xmlns%3D%27http%3A%2F%2Fwww.w3.org%2F2000%2Fsvg%27%20width%3D%27831%27%20height%3D%271012%27%20viewBox%3D%270%200%20831%201012%27%3E%3Crect%20width%3D%27831%27%20height%3D%271012%27%20fill-opacity%3D%220%22%2F%3E%3C%2Fsvg%3E\" data-srcset=\"https:\/\/koski.fi\/visit\/wp-content\/uploads\/sites\/7\/2025\/06\/Taidevintti2-200x244.jpg 200w, https:\/\/koski.fi\/visit\/wp-content\/uploads\/sites\/7\/2025\/06\/Taidevintti2-400x487.jpg 400w, https:\/\/koski.fi\/visit\/wp-content\/uploads\/sites\/7\/2025\/06\/Taidevintti2-600x731.jpg 600w, https:\/\/koski.fi\/visit\/wp-content\/uploads\/sites\/7\/2025\/06\/Taidevintti2-800x974.jpg 800w, https:\/\/koski.fi\/visit\/wp-content\/uploads\/sites\/7\/2025\/06\/Taidevintti2.jpg 831w\" data-sizes=\"auto\" data-orig-sizes=\"(max-width: 640px) 100vw, 600px\" \/><\/span><\/div><div class=\"fusion-image-element \" style=\"--awb-margin-top:20px;--awb-caption-title-font-family:var(--h2_typography-font-family);--awb-caption-title-font-weight:var(--h2_typography-font-weight);--awb-caption-title-font-style:var(--h2_typography-font-style);--awb-caption-title-size:var(--h2_typography-font-size);--awb-caption-title-transform:var(--h2_typography-text-transform);--awb-caption-title-line-height:var(--h2_typography-line-height);--awb-caption-title-letter-spacing:var(--h2_typography-letter-spacing);\"><span class=\" fusion-imageframe imageframe-none imageframe-2 hover-type-none\"><img decoding=\"async\" width=\"884\" height=\"1000\" title=\"Taidevintti3\" src=\"https:\/\/koski.fi\/visit\/wp-content\/uploads\/sites\/7\/2025\/06\/Taidevintti3.jpg\" data-orig-src=\"https:\/\/koski.fi\/visit\/wp-content\/uploads\/sites\/7\/2025\/06\/Taidevintti3.jpg\" alt class=\"lazyload img-responsive wp-image-10615\" srcset=\"data:image\/svg+xml,%3Csvg%20xmlns%3D%27http%3A%2F%2Fwww.w3.org%2F2000%2Fsvg%27%20width%3D%27884%27%20height%3D%271000%27%20viewBox%3D%270%200%20884%201000%27%3E%3Crect%20width%3D%27884%27%20height%3D%271000%27%20fill-opacity%3D%220%22%2F%3E%3C%2Fsvg%3E\" data-srcset=\"https:\/\/koski.fi\/visit\/wp-content\/uploads\/sites\/7\/2025\/06\/Taidevintti3-200x226.jpg 200w, https:\/\/koski.fi\/visit\/wp-content\/uploads\/sites\/7\/2025\/06\/Taidevintti3-400x452.jpg 400w, https:\/\/koski.fi\/visit\/wp-content\/uploads\/sites\/7\/2025\/06\/Taidevintti3-600x679.jpg 600w, https:\/\/koski.fi\/visit\/wp-content\/uploads\/sites\/7\/2025\/06\/Taidevintti3-800x905.jpg 800w, https:\/\/koski.fi\/visit\/wp-content\/uploads\/sites\/7\/2025\/06\/Taidevintti3.jpg 884w\" data-sizes=\"auto\" data-orig-sizes=\"(max-width: 640px) 100vw, 600px\" \/><\/span><\/div><\/div><\/div><div class=\"fusion-layout-column fusion_builder_column fusion-builder-column-1 fusion_builder_column_1_2 1_2 fusion-flex-column\" style=\"--awb-bg-size:cover;--awb-width-large:50%;--awb-margin-top-large:0px;--awb-spacing-right-large:40px;--awb-margin-bottom-large:20px;--awb-spacing-left-large:40px;--awb-width-medium:50%;--awb-order-medium:0;--awb-spacing-right-medium:40px;--awb-spacing-left-medium:40px;--awb-width-small:100%;--awb-order-small:0;--awb-spacing-right-small:40px;--awb-spacing-left-small:40px;\"><div class=\"fusion-column-wrapper fusion-column-has-shadow fusion-flex-justify-content-flex-start fusion-content-layout-column\"><div class=\"fusion-image-element \" style=\"--awb-margin-bottom:20px;--awb-caption-title-font-family:var(--h2_typography-font-family);--awb-caption-title-font-weight:var(--h2_typography-font-weight);--awb-caption-title-font-style:var(--h2_typography-font-style);--awb-caption-title-size:var(--h2_typography-font-size);--awb-caption-title-transform:var(--h2_typography-text-transform);--awb-caption-title-line-height:var(--h2_typography-line-height);--awb-caption-title-letter-spacing:var(--h2_typography-letter-spacing);\"><span class=\" fusion-imageframe imageframe-none imageframe-3 hover-type-none\"><img decoding=\"async\" width=\"768\" height=\"1024\" title=\"Hanna\" src=\"https:\/\/koski.fi\/visit\/wp-content\/uploads\/sites\/7\/2025\/06\/Hanna.jpg\" data-orig-src=\"https:\/\/koski.fi\/visit\/wp-content\/uploads\/sites\/7\/2025\/06\/Hanna.jpg\" alt class=\"lazyload img-responsive wp-image-10610\" srcset=\"data:image\/svg+xml,%3Csvg%20xmlns%3D%27http%3A%2F%2Fwww.w3.org%2F2000%2Fsvg%27%20width%3D%27768%27%20height%3D%271024%27%20viewBox%3D%270%200%20768%201024%27%3E%3Crect%20width%3D%27768%27%20height%3D%271024%27%20fill-opacity%3D%220%22%2F%3E%3C%2Fsvg%3E\" data-srcset=\"https:\/\/koski.fi\/visit\/wp-content\/uploads\/sites\/7\/2025\/06\/Hanna-200x267.jpg 200w, https:\/\/koski.fi\/visit\/wp-content\/uploads\/sites\/7\/2025\/06\/Hanna-400x533.jpg 400w, https:\/\/koski.fi\/visit\/wp-content\/uploads\/sites\/7\/2025\/06\/Hanna-600x800.jpg 600w, https:\/\/koski.fi\/visit\/wp-content\/uploads\/sites\/7\/2025\/06\/Hanna.jpg 768w\" data-sizes=\"auto\" data-orig-sizes=\"(max-width: 640px) 100vw, 600px\" \/><\/span><\/div><div class=\"fusion-image-element \" style=\"--awb-margin-bottom:20px;--awb-caption-title-font-family:var(--h2_typography-font-family);--awb-caption-title-font-weight:var(--h2_typography-font-weight);--awb-caption-title-font-style:var(--h2_typography-font-style);--awb-caption-title-size:var(--h2_typography-font-size);--awb-caption-title-transform:var(--h2_typography-text-transform);--awb-caption-title-line-height:var(--h2_typography-line-height);--awb-caption-title-letter-spacing:var(--h2_typography-letter-spacing);\"><span class=\" fusion-imageframe imageframe-none imageframe-4 hover-type-none\"><img decoding=\"async\" width=\"768\" height=\"1024\" title=\"Taidevintti4\" src=\"https:\/\/koski.fi\/visit\/wp-content\/uploads\/sites\/7\/2025\/06\/Taidevintti4.jpg\" data-orig-src=\"https:\/\/koski.fi\/visit\/wp-content\/uploads\/sites\/7\/2025\/06\/Taidevintti4.jpg\" alt class=\"lazyload img-responsive wp-image-10613\" srcset=\"data:image\/svg+xml,%3Csvg%20xmlns%3D%27http%3A%2F%2Fwww.w3.org%2F2000%2Fsvg%27%20width%3D%27768%27%20height%3D%271024%27%20viewBox%3D%270%200%20768%201024%27%3E%3Crect%20width%3D%27768%27%20height%3D%271024%27%20fill-opacity%3D%220%22%2F%3E%3C%2Fsvg%3E\" data-srcset=\"https:\/\/koski.fi\/visit\/wp-content\/uploads\/sites\/7\/2025\/06\/Taidevintti4-200x267.jpg 200w, https:\/\/koski.fi\/visit\/wp-content\/uploads\/sites\/7\/2025\/06\/Taidevintti4-400x533.jpg 400w, https:\/\/koski.fi\/visit\/wp-content\/uploads\/sites\/7\/2025\/06\/Taidevintti4-600x800.jpg 600w, https:\/\/koski.fi\/visit\/wp-content\/uploads\/sites\/7\/2025\/06\/Taidevintti4.jpg 768w\" data-sizes=\"auto\" data-orig-sizes=\"(max-width: 640px) 100vw, 600px\" \/><\/span><\/div><div class=\"fusion-text fusion-text-3\"><p>Hanna ryhmineen suunnittelee kovalla vauhdilla my\u00f6s Kohauskeskiviikkona 23.7. klo 18 &#8211; 22 j\u00e4rjestett\u00e4v\u00e4\u00e4 Taiteiden y\u00f6t\u00e4. Silloin Taidevintill\u00e4 ja Vanhan Meijerin pihapiiriss\u00e4 on mahdollisuus tutustua lasten, nuorten ja aikuisten kes\u00e4n aikana tekemiin t\u00f6ihin, seikkailla taidepolulla ja k\u00e4ytt\u00e4\u00e4 omaa luovuuttaan erilaisilla toimintapisteill\u00e4. Myynniss\u00e4 on my\u00f6s taidetarvikkeita ja poppareita. Mukana tapahtumassa ovat my\u00f6s Kuohu Pub sek\u00e4 Kosken Tl VPK, joka myy tapahtumassa makkaraa. Myynti ohjataan suoraan nuoriso-osaston toimintaan.<\/p>\n<p>Taidevintin toiminta jatkuu elokuussa koulujen alettua. Lasten, nuorten ja aikuisten ryhmiin voi ilmoittautua s\u00e4hk\u00f6postitse kirjastoon: kirjasto@koski.fi. Taidevintin l\u00f6yd\u00e4t osoitteesta Kasperintie 7b.<\/p>\n<p>Taidevintti on paljon muutakin kuin maalaamista. Se on uusien asioiden kokeilua, omien rajojen ylitt\u00e4mist\u00e4, itsetunnon kasvamista ja ylpeytt\u00e4 omasta tekemisest\u00e4. Ennen kaikkea Taidevintti on yhteis\u00f6. Er\u00e4\u00e4n taidevinttil\u00e4isen sanoja lainaten: \u201cOon onnellinen, ett\u00e4 te ootte tullu mun maailmaan.\u201d<\/p>\n<\/div><div class=\"fusion-title title fusion-title-1 fusion-sep-none fusion-title-text fusion-title-size-six\" style=\"--awb-margin-top-small:10px;--awb-margin-right-small:0px;--awb-margin-bottom-small:10px;--awb-margin-left-small:0px;--awb-font-size:14px;\"><h6 class=\"fusion-title-heading title-heading-left\" style=\"margin:0;letter-spacing:1.3px;text-transform:uppercase;font-size:1em;\"><p>Teksti: Minna Virta<br \/>\nKuvat: Hanna Jolkki, Aino Aslamaa ja Minna Virta<\/p><\/h6><\/div><\/div><\/div><\/div><\/div>\n","protected":false},"excerpt":{"rendered":"","protected":false},"author":34,"featured_media":10611,"comment_status":"closed","ping_status":"closed","sticky":false,"template":"","format":"standard","meta":{"_jetpack_memberships_contains_paid_content":false,"footnotes":""},"categories":[1],"tags":[],"class_list":["post-10609","post","type-post","status-publish","format-standard","has-post-thumbnail","hentry","category-yleinen"],"jetpack_featured_media_url":"https:\/\/koski.fi\/visit\/wp-content\/uploads\/sites\/7\/2025\/06\/Voimakuvia.jpg","jetpack_sharing_enabled":true,"_links":{"self":[{"href":"https:\/\/koski.fi\/visit\/wp-json\/wp\/v2\/posts\/10609","targetHints":{"allow":["GET"]}}],"collection":[{"href":"https:\/\/koski.fi\/visit\/wp-json\/wp\/v2\/posts"}],"about":[{"href":"https:\/\/koski.fi\/visit\/wp-json\/wp\/v2\/types\/post"}],"author":[{"embeddable":true,"href":"https:\/\/koski.fi\/visit\/wp-json\/wp\/v2\/users\/34"}],"replies":[{"embeddable":true,"href":"https:\/\/koski.fi\/visit\/wp-json\/wp\/v2\/comments?post=10609"}],"version-history":[{"count":10,"href":"https:\/\/koski.fi\/visit\/wp-json\/wp\/v2\/posts\/10609\/revisions"}],"predecessor-version":[{"id":10624,"href":"https:\/\/koski.fi\/visit\/wp-json\/wp\/v2\/posts\/10609\/revisions\/10624"}],"wp:featuredmedia":[{"embeddable":true,"href":"https:\/\/koski.fi\/visit\/wp-json\/wp\/v2\/media\/10611"}],"wp:attachment":[{"href":"https:\/\/koski.fi\/visit\/wp-json\/wp\/v2\/media?parent=10609"}],"wp:term":[{"taxonomy":"category","embeddable":true,"href":"https:\/\/koski.fi\/visit\/wp-json\/wp\/v2\/categories?post=10609"},{"taxonomy":"post_tag","embeddable":true,"href":"https:\/\/koski.fi\/visit\/wp-json\/wp\/v2\/tags?post=10609"}],"curies":[{"name":"wp","href":"https:\/\/api.w.org\/{rel}","templated":true}]}} 